{"id":857,"date":"2024-10-25T16:59:41","date_gmt":"2024-10-25T14:59:41","guid":{"rendered":"https:\/\/ivonavacances.fr\/?p=857"},"modified":"2024-10-25T16:59:44","modified_gmt":"2024-10-25T14:59:44","slug":"7-jours-a-mimizan-le-programme","status":"publish","type":"post","link":"https:\/\/ivonavacances.fr\/?p=857","title":{"rendered":"Que Faire \u00e0 Mimizan ? Votre Programme pour 7 Jours de D\u00e9couverte et de D\u00e9tente"},"content":{"rendered":"\n<h2 class=\"wp-block-heading\">Vous r\u00eavez de vacances reposantes et enrichissantes au c\u0153ur des Landes ? Mimizan, station baln\u00e9aire surnomm\u00e9e la \u00ab\u00a0Perle de la C\u00f4te d&rsquo;Argent\u00a0\u00bb est une destination id\u00e9ale pour une semaine de d\u00e9couverte. <\/h2>\n\n\n\n<p><strong>Voici un programme pour profiter pleinement de tout ce que Mimizan et ses environs ont \u00e0 offrir.<\/strong> Votre Programme pour 7 Jours de D\u00e9couverte et de D\u00e9tente :<\/p>\n\n\n\n<figure class=\"wp-block-image size-large\"><img data-recalc-dims=\"1\" loading=\"lazy\" decoding=\"async\" width=\"748\" height=\"421\" src=\"https:\/\/i0.wp.com\/ivonavacances.fr\/wp-content\/uploads\/2024\/09\/plages-mimizan-tourisme6.jpg?resize=748%2C421&#038;ssl=1\" alt=\"\" class=\"wp-image-833\" srcset=\"https:\/\/i0.wp.com\/ivonavacances.fr\/wp-content\/uploads\/2024\/09\/plages-mimizan-tourisme6.jpg?resize=1024%2C576&amp;ssl=1 1024w, https:\/\/i0.wp.com\/ivonavacances.fr\/wp-content\/uploads\/2024\/09\/plages-mimizan-tourisme6.jpg?resize=300%2C169&amp;ssl=1 300w, https:\/\/i0.wp.com\/ivonavacances.fr\/wp-content\/uploads\/2024\/09\/plages-mimizan-tourisme6.jpg?resize=768%2C432&amp;ssl=1 768w, https:\/\/i0.wp.com\/ivonavacances.fr\/wp-content\/uploads\/2024\/09\/plages-mimizan-tourisme6.jpg?resize=996%2C560&amp;ssl=1 996w, https:\/\/i0.wp.com\/ivonavacances.fr\/wp-content\/uploads\/2024\/09\/plages-mimizan-tourisme6.jpg?w=1200&amp;ssl=1 1200w\" sizes=\"auto, (max-width: 748px) 100vw, 748px\" \/><\/figure>\n\n\n\n<hr class=\"wp-block-separator has-alpha-channel-opacity\"\/>\n\n\n\n<h3 class=\"wp-block-heading\">Jour 1 : Arriv\u00e9e \u00e0 Mimizan et D\u00e9couverte du Centre-Ville<\/h3>\n\n\n\n<p>Pour d\u00e9buter vos vacances, explorez le <strong>centre-ville de Mimizan<\/strong> . Fl\u00e2nez dans ses rues charmantes, visitez les boutiques locales, et arr\u00eatez-vous dans un caf\u00e9 pour un premier contact avec la r\u00e9gion. Profitez-en pour visiter l&rsquo;Office de Tourisme de Mimizan pour r\u00e9cup\u00e9rer des cartes et des informations pratiques.<\/p>\n\n\n\n<p><strong>Activit\u00e9s principales :<\/strong><\/p>\n\n\n\n<ul class=\"wp-block-list\">\n<li>D\u00e9couverte des commerces et artisans locaux<\/li>\n\n\n\n<li>Visite de l&rsquo;\u00e9glise Notre-Dame-des-Dunes<\/li>\n\n\n\n<li>Promenade le long du Courant de Mimizan<\/li>\n<\/ul>\n\n\n\n<p><strong>Conseil d&rsquo;expert<\/strong> : En fin d&rsquo;apr\u00e8s-midi, rendez-vous \u00e0 la plage pour admirer votre premier coucher de soleil sur l&rsquo;oc\u00e9an Atlantique !<\/p>\n\n\n\n<hr class=\"wp-block-separator has-alpha-channel-opacity\"\/>\n\n\n\n<h3 class=\"wp-block-heading\">Jour 2 : Journ\u00e9e Plage et Sports Nautiques<\/h3>\n\n\n\n<p>Votre deuxi\u00e8me jour est d\u00e9di\u00e9 aux <strong>plages de Mimizan<\/strong> . Plage de Remember, plage Sud ou plage des Ailes, chaque spot a ses particularit\u00e9s. D\u00e9tendez-vous sur le sable ou lancez-vous dans des activit\u00e9s nautiques telles que le surf, le paddle, ou le kayak.<\/p>\n\n\n\n<p><strong>Activit\u00e9s principales :<\/strong><\/p>\n\n\n\n<ul class=\"wp-block-list\">\n<li>Cours de surf pour d\u00e9butants ou confirm\u00e9s<\/li>\n\n\n\n<li>Paddle le long du littoral<\/li>\n\n\n\n<li>D\u00e9tente sur les plages<\/li>\n<\/ul>\n\n\n\n<p><strong>Conseil d&rsquo;expert<\/strong> : R\u00e9servez un cours de surf \u00e0 l&rsquo;avance pour profiter des meilleures conditions !<\/p>\n\n\n\n<hr class=\"wp-block-separator has-alpha-channel-opacity\"\/>\n\n\n\n<h3 class=\"wp-block-heading\">Jour 3 : Randonn\u00e9e dans la For\u00eat des Landes<\/h3>\n\n\n\n<p>La <strong>For\u00eat des Landes<\/strong> , l&rsquo;une des plus grandes d&rsquo;Europe, offre de magnifiques sentiers de randonn\u00e9e. Partez explorer cette nature sauvage et respirez l&rsquo;air pur des pins. Pr\u00e9voyez un pique-nique en for\u00eat pour une immersion totale.<\/p>\n\n\n\n<p><strong>Activit\u00e9s principales :<\/strong><\/p>\n\n\n\n<ul class=\"wp-block-list\">\n<li>Randonn\u00e9e le long du sentier de la Pointe du Cap de L&rsquo;Homy<\/li>\n\n\n\n<li>Visite de la R\u00e9serve Naturelle de l&rsquo;\u00c9tang Noir<\/li>\n\n\n\n<li>D\u00e9couverte de la faune et de la flore locales<\/li>\n<\/ul>\n\n\n\n<p><strong>Conseil d&rsquo;expert<\/strong> : Apportez de bonnes chaussures et un appareil photo pour capturer la beaut\u00e9 naturelle de la r\u00e9gion.<\/p>\n\n\n\n<hr class=\"wp-block-separator has-alpha-channel-opacity\"\/>\n\n\n\n<h3 class=\"wp-block-heading\">Jour 4 : Visite Culturelle et D\u00e9couverte du Patrimoine<\/h3>\n\n\n\n<p>Explorez le patrimoine culturel de Mimizan en visitant ses lieux historiques. Ne manquez pas la <strong>Chapelle de l&rsquo;abbaye de Mimizan<\/strong> , class\u00e9e au patrimoine mondial de l&rsquo;UNESCO, et le mus\u00e9e d&rsquo;histoire locale.<\/p>\n\n\n\n<p><strong>Activit\u00e9s principales :<\/strong><\/p>\n\n\n\n<ul class=\"wp-block-list\">\n<li>Visite de la Chapelle de l&rsquo;Abbaye et de son clocher-porche<\/li>\n\n\n\n<li>D\u00e9couverte du Mus\u00e9e-Prieur\u00e9 de Mimizan<\/li>\n\n\n\n<li>Balade dans le parc du Ch\u00e2teau de Woolsack<\/li>\n<\/ul>\n\n\n\n<p><strong>Conseil d&rsquo;expert<\/strong> : La Chapelle de l&rsquo;Abbaye est une halte id\u00e9ale pour les passionn\u00e9s d&rsquo;histoire. Pr\u00e9parez une visite guid\u00e9e pour des explications d\u00e9taill\u00e9es !<\/p>\n\n\n\n<hr class=\"wp-block-separator has-alpha-channel-opacity\"\/>\n\n\n\n<h3 class=\"wp-block-heading\">Jour 5 : Excursion en V\u00e9lo le Long des Pistes Cyclables<\/h3>\n\n\n\n<p>Les <strong>Landes de Gascogne<\/strong> sont connues pour leurs nombreuses pistes cyclables qui serpentent entre mer et for\u00eat. Louez un v\u00e9lo pour explorer Mimizan et ses alentours \u00e0 votre rythme.<\/p>\n\n\n\n<p><strong>Activit\u00e9s principales :<\/strong><\/p>\n\n\n\n<ul class=\"wp-block-list\">\n<li>Parcours sur la V\u00e9lodyss\u00e9e, la grande piste cyclable des Landes<\/li>\n\n\n\n<li>Arr\u00eats aux plages et points d&rsquo;observation<\/li>\n\n\n\n<li>Visite du Lac d&rsquo;Aureilhan et pique-nique au bord de l&rsquo;eau<\/li>\n<\/ul>\n\n\n\n<p><strong>Conseil d&rsquo;expert<\/strong> : Apportez un sac \u00e0 dos l\u00e9ger avec de l&rsquo;eau, de la cr\u00e8me solaire et un en-cas pour profiter pleinement de cette journ\u00e9e sportive.<\/p>\n\n\n\n<hr class=\"wp-block-separator has-alpha-channel-opacity\"\/>\n\n\n\n<h3 class=\"wp-block-heading\">Jour 6 : Journ\u00e9e Gourmande et D\u00e9gustation de Produits Locaux<\/h3>\n\n\n\n<p>Impossible de s\u00e9journer dans les Landes sans savourer les sp\u00e9cialit\u00e9s locales ! Cette journ\u00e9e est d\u00e9di\u00e9e \u00e0 la <strong>gastronomie landaise<\/strong> : foie gras, magret de canard, tourti\u00e8re\u2026 Mimizan propose de nombreux restaurants o\u00f9 vous pourrez d\u00e9guster ces plats typiques.<\/p>\n\n\n\n<p><strong>Activit\u00e9s principales :<\/strong><\/p>\n\n\n\n<ul class=\"wp-block-list\">\n<li>D\u00e9couverte du march\u00e9 de Mimizan pour des produits frais<\/li>\n\n\n\n<li>D\u00e9gustation de vins des Landes<\/li>\n\n\n\n<li>Repas dans un restaurant traditionnel<\/li>\n<\/ul>\n\n\n\n<p><strong>Conseil d&rsquo;expert<\/strong> : Rendez-vous au march\u00e9 le matin pour des produits frais et locaux, parfaits pour ramener un souvenir culinaire.<\/p>\n\n\n\n<hr class=\"wp-block-separator has-alpha-channel-opacity\"\/>\n\n\n\n<h3 class=\"wp-block-heading\">Jour 7 : Farniente et Dernier Jour de Plage<\/h3>\n\n\n\n<p>Pour votre dernier jour, accordez-vous une <strong>journ\u00e9e de d\u00e9tente<\/strong> . Retournez \u00e0 votre plage pr\u00e9f\u00e9r\u00e9e ou explorez une nouvelle crique. Profitez-en pour vous d\u00e9tendre, lire, nager, et savourer le calme de Mimizan une derni\u00e8re fois.<\/p>\n\n\n\n<p><strong>Activit\u00e9s principales :<\/strong><\/p>\n\n\n\n<ul class=\"wp-block-list\">\n<li>Matin\u00e9e relaxante au bord de l&rsquo;oc\u00e9an<\/li>\n\n\n\n<li>Derni\u00e8res baignades et photos souvenirs<\/li>\n\n\n\n<li>Balade le long de la digue de Mimizan<\/li>\n<\/ul>\n\n\n\n<p><strong>Conseil d&rsquo;expert<\/strong> : Un dernier pique-nique sur la plage est l&rsquo;occasion parfaite pour conclure vos vacances de mani\u00e8re paisible et m\u00e9morable.<\/p>\n\n\n\n<hr class=\"wp-block-separator has-alpha-channel-opacity\"\/>\n\n\n\n<h3 class=\"wp-block-heading\">Pourquoi Choisir Ivona Vacances pour Votre S\u00e9jour \u00e0 Mimizan ?<\/h3>\n\n\n\n<p><a href=\"http:\/\/www.ivonavacances.fr\"><em>Ivona Vacances<\/em> vous offre des locations de choix<\/a> pour explorer Mimizan et ses environs dans un cadre confortable et chaleureux. Nos h\u00e9bergements sont situ\u00e9s \u00e0 proximit\u00e9 des principales attractions de la r\u00e9gion, tout en offrant un environnement paisible.<\/p>\n","protected":false},"excerpt":{"rendered":"<p>Vous r\u00eavez de vacances reposantes et enrichissantes au c\u0153ur des Landes ? Mimizan, station baln\u00e9aire surnomm\u00e9e la \u00ab\u00a0Perle de la C\u00f4te d&rsquo;Argent\u00a0\u00bb est une destination id\u00e9ale pour une semaine de d\u00e9couverte. Voici un programme pour profiter pleinement de tout ce que Mimizan et ses environs ont \u00e0 offrir. Votre Programme pour 7 Jours de D\u00e9couverte &hellip; <a href=\"https:\/\/ivonavacances.fr\/?p=857\" class=\"more-link\">Continue reading<span class=\"screen-reader-text\"> \u00ab\u00a0Que Faire \u00e0 Mimizan ? Votre Programme pour 7 Jours de D\u00e9couverte et de D\u00e9tente\u00a0\u00bb<\/span><\/a><\/p>\n","protected":false},"author":1,"featured_media":0,"comment_status":"open","ping_status":"open","sticky":false,"template":"","format":"standard","meta":{"_jetpack_memberships_contains_paid_content":false,"footnotes":""},"categories":[1],"tags":[54,60,62,61,59,58,57],"class_list":["post-857","post","type-post","status-publish","format-standard","hentry","category-non-classe","tag-activites-mimizan","tag-foret-des-landes","tag-gastronomie-landaise","tag-plages-mimizan","tag-programme-mimizan-7-jours","tag-que-faire-a-mimizan","tag-vacances-a-mimizan"],"yoast_head":"<!-- This site is optimized with the Yoast SEO plugin v23.7 - https:\/\/yoast.com\/wordpress\/plugins\/seo\/ -->\n<title>Que Faire \u00e0 Mimizan ? Votre Programme pour 7 Jours de D\u00e9couverte et de D\u00e9tente -<\/title>\n<meta name=\"description\" content=\"D\u00e9couvrez notre programme complet pour des vacances inoubliables \u00e0 Mimizan ! De la plage aux for\u00eats, explorez les meilleures activit\u00e9s et attraits de la r\u00e9gion en une semaine\" \/>\n<meta name=\"robots\" content=\"index, follow, max-snippet:-1, max-image-preview:large, max-video-preview:-1\" \/>\n<link rel=\"canonical\" href=\"https:\/\/ivonavacances.fr\/?p=857\" \/>\n<meta property=\"og:locale\" content=\"fr_FR\" \/>\n<meta property=\"og:type\" content=\"article\" \/>\n<meta property=\"og:title\" content=\"Que Faire \u00e0 Mimizan ? Votre Programme pour 7 Jours de D\u00e9couverte et de D\u00e9tente -\" \/>\n<meta property=\"og:description\" content=\"D\u00e9couvrez notre programme complet pour des vacances inoubliables \u00e0 Mimizan ! De la plage aux for\u00eats, explorez les meilleures activit\u00e9s et attraits de la r\u00e9gion en une semaine\" \/>\n<meta property=\"og:url\" content=\"https:\/\/ivonavacances.fr\/?p=857\" \/>\n<meta property=\"article:publisher\" content=\"https:\/\/www.facebook.com\/p\/Les-Cabanes-Ivona-100063381480051\/\" \/>\n<meta property=\"article:published_time\" content=\"2024-10-25T14:59:41+00:00\" \/>\n<meta property=\"article:modified_time\" content=\"2024-10-25T14:59:44+00:00\" \/>\n<meta property=\"og:image\" content=\"https:\/\/ivonavacances.fr\/wp-content\/uploads\/2024\/09\/plages-mimizan-tourisme6-1024x576.jpg\" \/>\n<meta name=\"author\" content=\"admin4092\" \/>\n<meta name=\"twitter:card\" content=\"summary_large_image\" \/>\n<meta name=\"twitter:label1\" content=\"\u00c9crit par\" \/>\n\t<meta name=\"twitter:data1\" content=\"admin4092\" \/>\n\t<meta name=\"twitter:label2\" content=\"Dur\u00e9e de lecture estim\u00e9e\" \/>\n\t<meta name=\"twitter:data2\" content=\"4 minutes\" \/>\n<script type=\"application\/ld+json\" class=\"yoast-schema-graph\">{\"@context\":\"https:\/\/schema.org\",\"@graph\":[{\"@type\":\"Article\",\"@id\":\"https:\/\/ivonavacances.fr\/?p=857#article\",\"isPartOf\":{\"@id\":\"https:\/\/ivonavacances.fr\/?p=857\"},\"author\":{\"name\":\"admin4092\",\"@id\":\"https:\/\/ivonavacances.fr\/#\/schema\/person\/ef5c479c407272855302631b58bd6f2b\"},\"headline\":\"Que Faire \u00e0 Mimizan ? Votre Programme pour 7 Jours de D\u00e9couverte et de D\u00e9tente\",\"datePublished\":\"2024-10-25T14:59:41+00:00\",\"dateModified\":\"2024-10-25T14:59:44+00:00\",\"mainEntityOfPage\":{\"@id\":\"https:\/\/ivonavacances.fr\/?p=857\"},\"wordCount\":811,\"commentCount\":0,\"publisher\":{\"@id\":\"https:\/\/ivonavacances.fr\/#organization\"},\"image\":{\"@id\":\"https:\/\/ivonavacances.fr\/?p=857#primaryimage\"},\"thumbnailUrl\":\"https:\/\/ivonavacances.fr\/wp-content\/uploads\/2024\/09\/plages-mimizan-tourisme6-1024x576.jpg\",\"keywords\":[\"activit\u00e9s Mimizan\",\"for\u00eat des Landes\",\"gastronomie landaise\",\"plages Mimizan\",\"programme Mimizan 7 jours\",\"que faire \u00e0 Mimizan\",\"vacances \u00e0 Mimizan\"],\"inLanguage\":\"fr-FR\",\"potentialAction\":[{\"@type\":\"CommentAction\",\"name\":\"Comment\",\"target\":[\"https:\/\/ivonavacances.fr\/?p=857#respond\"]}]},{\"@type\":\"WebPage\",\"@id\":\"https:\/\/ivonavacances.fr\/?p=857\",\"url\":\"https:\/\/ivonavacances.fr\/?p=857\",\"name\":\"Que Faire \u00e0 Mimizan ? Votre Programme pour 7 Jours de D\u00e9couverte et de D\u00e9tente -\",\"isPartOf\":{\"@id\":\"https:\/\/ivonavacances.fr\/#website\"},\"primaryImageOfPage\":{\"@id\":\"https:\/\/ivonavacances.fr\/?p=857#primaryimage\"},\"image\":{\"@id\":\"https:\/\/ivonavacances.fr\/?p=857#primaryimage\"},\"thumbnailUrl\":\"https:\/\/ivonavacances.fr\/wp-content\/uploads\/2024\/09\/plages-mimizan-tourisme6-1024x576.jpg\",\"datePublished\":\"2024-10-25T14:59:41+00:00\",\"dateModified\":\"2024-10-25T14:59:44+00:00\",\"description\":\"D\u00e9couvrez notre programme complet pour des vacances inoubliables \u00e0 Mimizan ! De la plage aux for\u00eats, explorez les meilleures activit\u00e9s et attraits de la r\u00e9gion en une semaine\",\"breadcrumb\":{\"@id\":\"https:\/\/ivonavacances.fr\/?p=857#breadcrumb\"},\"inLanguage\":\"fr-FR\",\"potentialAction\":[{\"@type\":\"ReadAction\",\"target\":[\"https:\/\/ivonavacances.fr\/?p=857\"]}]},{\"@type\":\"ImageObject\",\"inLanguage\":\"fr-FR\",\"@id\":\"https:\/\/ivonavacances.fr\/?p=857#primaryimage\",\"url\":\"https:\/\/i0.wp.com\/ivonavacances.fr\/wp-content\/uploads\/2024\/09\/plages-mimizan-tourisme6.jpg?fit=1200%2C675&ssl=1\",\"contentUrl\":\"https:\/\/i0.wp.com\/ivonavacances.fr\/wp-content\/uploads\/2024\/09\/plages-mimizan-tourisme6.jpg?fit=1200%2C675&ssl=1\",\"width\":1200,\"height\":675},{\"@type\":\"BreadcrumbList\",\"@id\":\"https:\/\/ivonavacances.fr\/?p=857#breadcrumb\",\"itemListElement\":[{\"@type\":\"ListItem\",\"position\":1,\"name\":\"Accueil\",\"item\":\"https:\/\/ivonavacances.fr\/\"},{\"@type\":\"ListItem\",\"position\":2,\"name\":\"Que Faire \u00e0 Mimizan ? Votre Programme pour 7 Jours de D\u00e9couverte et de D\u00e9tente\"}]},{\"@type\":\"WebSite\",\"@id\":\"https:\/\/ivonavacances.fr\/#website\",\"url\":\"https:\/\/ivonavacances.fr\/\",\"name\":\"www.lescabanesivona.fr\",\"description\":\"Maisons de Vacances \u00e0 louer\",\"publisher\":{\"@id\":\"https:\/\/ivonavacances.fr\/#organization\"},\"potentialAction\":[{\"@type\":\"SearchAction\",\"target\":{\"@type\":\"EntryPoint\",\"urlTemplate\":\"https:\/\/ivonavacances.fr\/?s={search_term_string}\"},\"query-input\":{\"@type\":\"PropertyValueSpecification\",\"valueRequired\":true,\"valueName\":\"search_term_string\"}}],\"inLanguage\":\"fr-FR\"},{\"@type\":\"Organization\",\"@id\":\"https:\/\/ivonavacances.fr\/#organization\",\"name\":\"Ivona Vacances\",\"url\":\"https:\/\/ivonavacances.fr\/\",\"logo\":{\"@type\":\"ImageObject\",\"inLanguage\":\"fr-FR\",\"@id\":\"https:\/\/ivonavacances.fr\/#\/schema\/logo\/image\/\",\"url\":\"https:\/\/i0.wp.com\/ivonavacances.fr\/wp-content\/uploads\/2023\/11\/cropped-logo.png?fit=530%2C530&ssl=1\",\"contentUrl\":\"https:\/\/i0.wp.com\/ivonavacances.fr\/wp-content\/uploads\/2023\/11\/cropped-logo.png?fit=530%2C530&ssl=1\",\"width\":530,\"height\":530,\"caption\":\"Ivona Vacances\"},\"image\":{\"@id\":\"https:\/\/ivonavacances.fr\/#\/schema\/logo\/image\/\"},\"sameAs\":[\"https:\/\/www.facebook.com\/p\/Les-Cabanes-Ivona-100063381480051\/\",\"https:\/\/www.instagram.com\/ivona_vacances\"]},{\"@type\":\"Person\",\"@id\":\"https:\/\/ivonavacances.fr\/#\/schema\/person\/ef5c479c407272855302631b58bd6f2b\",\"name\":\"admin4092\",\"image\":{\"@type\":\"ImageObject\",\"inLanguage\":\"fr-FR\",\"@id\":\"https:\/\/ivonavacances.fr\/#\/schema\/person\/image\/\",\"url\":\"https:\/\/secure.gravatar.com\/avatar\/5a6487760b7b9e3e80d842a88886c64ff223480af84d3ee079c57a2179808967?s=96&d=mm&r=g\",\"contentUrl\":\"https:\/\/secure.gravatar.com\/avatar\/5a6487760b7b9e3e80d842a88886c64ff223480af84d3ee079c57a2179808967?s=96&d=mm&r=g\",\"caption\":\"admin4092\"},\"sameAs\":[\"http:\/\/lescabanesivona.fr\"],\"url\":\"https:\/\/ivonavacances.fr\/?author=1\"}]}<\/script>\n<!-- \/ Yoast SEO plugin. -->","yoast_head_json":{"title":"Que Faire \u00e0 Mimizan ? Votre Programme pour 7 Jours de D\u00e9couverte et de D\u00e9tente -","description":"D\u00e9couvrez notre programme complet pour des vacances inoubliables \u00e0 Mimizan ! De la plage aux for\u00eats, explorez les meilleures activit\u00e9s et attraits de la r\u00e9gion en une semaine","robots":{"index":"index","follow":"follow","max-snippet":"max-snippet:-1","max-image-preview":"max-image-preview:large","max-video-preview":"max-video-preview:-1"},"canonical":"https:\/\/ivonavacances.fr\/?p=857","og_locale":"fr_FR","og_type":"article","og_title":"Que Faire \u00e0 Mimizan ? Votre Programme pour 7 Jours de D\u00e9couverte et de D\u00e9tente -","og_description":"D\u00e9couvrez notre programme complet pour des vacances inoubliables \u00e0 Mimizan ! De la plage aux for\u00eats, explorez les meilleures activit\u00e9s et attraits de la r\u00e9gion en une semaine","og_url":"https:\/\/ivonavacances.fr\/?p=857","article_publisher":"https:\/\/www.facebook.com\/p\/Les-Cabanes-Ivona-100063381480051\/","article_published_time":"2024-10-25T14:59:41+00:00","article_modified_time":"2024-10-25T14:59:44+00:00","og_image":[{"url":"https:\/\/ivonavacances.fr\/wp-content\/uploads\/2024\/09\/plages-mimizan-tourisme6-1024x576.jpg"}],"author":"admin4092","twitter_card":"summary_large_image","twitter_misc":{"\u00c9crit par":"admin4092","Dur\u00e9e de lecture estim\u00e9e":"4 minutes"},"schema":{"@context":"https:\/\/schema.org","@graph":[{"@type":"Article","@id":"https:\/\/ivonavacances.fr\/?p=857#article","isPartOf":{"@id":"https:\/\/ivonavacances.fr\/?p=857"},"author":{"name":"admin4092","@id":"https:\/\/ivonavacances.fr\/#\/schema\/person\/ef5c479c407272855302631b58bd6f2b"},"headline":"Que Faire \u00e0 Mimizan ? Votre Programme pour 7 Jours de D\u00e9couverte et de D\u00e9tente","datePublished":"2024-10-25T14:59:41+00:00","dateModified":"2024-10-25T14:59:44+00:00","mainEntityOfPage":{"@id":"https:\/\/ivonavacances.fr\/?p=857"},"wordCount":811,"commentCount":0,"publisher":{"@id":"https:\/\/ivonavacances.fr\/#organization"},"image":{"@id":"https:\/\/ivonavacances.fr\/?p=857#primaryimage"},"thumbnailUrl":"https:\/\/ivonavacances.fr\/wp-content\/uploads\/2024\/09\/plages-mimizan-tourisme6-1024x576.jpg","keywords":["activit\u00e9s Mimizan","for\u00eat des Landes","gastronomie landaise","plages Mimizan","programme Mimizan 7 jours","que faire \u00e0 Mimizan","vacances \u00e0 Mimizan"],"inLanguage":"fr-FR","potentialAction":[{"@type":"CommentAction","name":"Comment","target":["https:\/\/ivonavacances.fr\/?p=857#respond"]}]},{"@type":"WebPage","@id":"https:\/\/ivonavacances.fr\/?p=857","url":"https:\/\/ivonavacances.fr\/?p=857","name":"Que Faire \u00e0 Mimizan ? Votre Programme pour 7 Jours de D\u00e9couverte et de D\u00e9tente -","isPartOf":{"@id":"https:\/\/ivonavacances.fr\/#website"},"primaryImageOfPage":{"@id":"https:\/\/ivonavacances.fr\/?p=857#primaryimage"},"image":{"@id":"https:\/\/ivonavacances.fr\/?p=857#primaryimage"},"thumbnailUrl":"https:\/\/ivonavacances.fr\/wp-content\/uploads\/2024\/09\/plages-mimizan-tourisme6-1024x576.jpg","datePublished":"2024-10-25T14:59:41+00:00","dateModified":"2024-10-25T14:59:44+00:00","description":"D\u00e9couvrez notre programme complet pour des vacances inoubliables \u00e0 Mimizan ! De la plage aux for\u00eats, explorez les meilleures activit\u00e9s et attraits de la r\u00e9gion en une semaine","breadcrumb":{"@id":"https:\/\/ivonavacances.fr\/?p=857#breadcrumb"},"inLanguage":"fr-FR","potentialAction":[{"@type":"ReadAction","target":["https:\/\/ivonavacances.fr\/?p=857"]}]},{"@type":"ImageObject","inLanguage":"fr-FR","@id":"https:\/\/ivonavacances.fr\/?p=857#primaryimage","url":"https:\/\/i0.wp.com\/ivonavacances.fr\/wp-content\/uploads\/2024\/09\/plages-mimizan-tourisme6.jpg?fit=1200%2C675&ssl=1","contentUrl":"https:\/\/i0.wp.com\/ivonavacances.fr\/wp-content\/uploads\/2024\/09\/plages-mimizan-tourisme6.jpg?fit=1200%2C675&ssl=1","width":1200,"height":675},{"@type":"BreadcrumbList","@id":"https:\/\/ivonavacances.fr\/?p=857#breadcrumb","itemListElement":[{"@type":"ListItem","position":1,"name":"Accueil","item":"https:\/\/ivonavacances.fr\/"},{"@type":"ListItem","position":2,"name":"Que Faire \u00e0 Mimizan ? Votre Programme pour 7 Jours de D\u00e9couverte et de D\u00e9tente"}]},{"@type":"WebSite","@id":"https:\/\/ivonavacances.fr\/#website","url":"https:\/\/ivonavacances.fr\/","name":"www.lescabanesivona.fr","description":"Maisons de Vacances \u00e0 louer","publisher":{"@id":"https:\/\/ivonavacances.fr\/#organization"},"potentialAction":[{"@type":"SearchAction","target":{"@type":"EntryPoint","urlTemplate":"https:\/\/ivonavacances.fr\/?s={search_term_string}"},"query-input":{"@type":"PropertyValueSpecification","valueRequired":true,"valueName":"search_term_string"}}],"inLanguage":"fr-FR"},{"@type":"Organization","@id":"https:\/\/ivonavacances.fr\/#organization","name":"Ivona Vacances","url":"https:\/\/ivonavacances.fr\/","logo":{"@type":"ImageObject","inLanguage":"fr-FR","@id":"https:\/\/ivonavacances.fr\/#\/schema\/logo\/image\/","url":"https:\/\/i0.wp.com\/ivonavacances.fr\/wp-content\/uploads\/2023\/11\/cropped-logo.png?fit=530%2C530&ssl=1","contentUrl":"https:\/\/i0.wp.com\/ivonavacances.fr\/wp-content\/uploads\/2023\/11\/cropped-logo.png?fit=530%2C530&ssl=1","width":530,"height":530,"caption":"Ivona Vacances"},"image":{"@id":"https:\/\/ivonavacances.fr\/#\/schema\/logo\/image\/"},"sameAs":["https:\/\/www.facebook.com\/p\/Les-Cabanes-Ivona-100063381480051\/","https:\/\/www.instagram.com\/ivona_vacances"]},{"@type":"Person","@id":"https:\/\/ivonavacances.fr\/#\/schema\/person\/ef5c479c407272855302631b58bd6f2b","name":"admin4092","image":{"@type":"ImageObject","inLanguage":"fr-FR","@id":"https:\/\/ivonavacances.fr\/#\/schema\/person\/image\/","url":"https:\/\/secure.gravatar.com\/avatar\/5a6487760b7b9e3e80d842a88886c64ff223480af84d3ee079c57a2179808967?s=96&d=mm&r=g","contentUrl":"https:\/\/secure.gravatar.com\/avatar\/5a6487760b7b9e3e80d842a88886c64ff223480af84d3ee079c57a2179808967?s=96&d=mm&r=g","caption":"admin4092"},"sameAs":["http:\/\/lescabanesivona.fr"],"url":"https:\/\/ivonavacances.fr\/?author=1"}]}},"jetpack_sharing_enabled":true,"jetpack_featured_media_url":"","_links":{"self":[{"href":"https:\/\/ivonavacances.fr\/index.php?rest_route=\/wp\/v2\/posts\/857","targetHints":{"allow":["GET"]}}],"collection":[{"href":"https:\/\/ivonavacances.fr\/index.php?rest_route=\/wp\/v2\/posts"}],"about":[{"href":"https:\/\/ivonavacances.fr\/index.php?rest_route=\/wp\/v2\/types\/post"}],"author":[{"embeddable":true,"href":"https:\/\/ivonavacances.fr\/index.php?rest_route=\/wp\/v2\/users\/1"}],"replies":[{"embeddable":true,"href":"https:\/\/ivonavacances.fr\/index.php?rest_route=%2Fwp%2Fv2%2Fcomments&post=857"}],"version-history":[{"count":1,"href":"https:\/\/ivonavacances.fr\/index.php?rest_route=\/wp\/v2\/posts\/857\/revisions"}],"predecessor-version":[{"id":858,"href":"https:\/\/ivonavacances.fr\/index.php?rest_route=\/wp\/v2\/posts\/857\/revisions\/858"}],"wp:attachment":[{"href":"https:\/\/ivonavacances.fr\/index.php?rest_route=%2Fwp%2Fv2%2Fmedia&parent=857"}],"wp:term":[{"taxonomy":"category","embeddable":true,"href":"https:\/\/ivonavacances.fr\/index.php?rest_route=%2Fwp%2Fv2%2Fcategories&post=857"},{"taxonomy":"post_tag","embeddable":true,"href":"https:\/\/ivonavacances.fr\/index.php?rest_route=%2Fwp%2Fv2%2Ftags&post=857"}],"curies":[{"name":"wp","href":"https:\/\/api.w.org\/{rel}","templated":true}]}}